[{"@context":"https:\/\/schema.org\/","@type":"Blog","@id":"https:\/\/www.eseden.cz#Blog","headline":"Eseden","description":"\nDobr\u00e9 pomocn\u00edky nemus\u00edte hledat jenom v re\u00e1ln\u00e9m sv\u011bt\u011b. Ty objev\u00edte klidn\u011b i na internetu. A kde p\u0159esn\u011b je tam najdete? T\u0159eba pr\u00e1v\u011b na na\u0161em webu.","url":"https:\/\/www.eseden.cz","hasPart":[{"@type":"Article","@id":"https:\/\/www.eseden.cz\/hubnuti-ktere-vas-bude-bavit\/","headline":"Hubnut\u00ed, kter\u00e9 v\u00e1s bude bavit","url":"https:\/\/www.eseden.cz\/hubnuti-ktere-vas-bude-bavit\/","datePublished":"2025-09-01","dateModified":"2025-09-01","mainEntityOfPage":"https:\/\/www.eseden.cz\/hubnuti-ktere-vas-bude-bavit\/","author":{"@type":"Person","@id":"https:\/\/www.eseden.cz\/author\/#Person","name":"","url":"https:\/\/www.eseden.cz\/author\/","identifier":1,"image":{"@type":"ImageObject","@id":"https:\/\/secure.gravatar.com\/avatar\/8e6cbe5510d042e6a0b15162e198f2fd22eed76a4b5a1734d2174c652daccabc?s=96&d=mm&r=g","url":"https:\/\/secure.gravatar.com\/avatar\/8e6cbe5510d042e6a0b15162e198f2fd22eed76a4b5a1734d2174c652daccabc?s=96&d=mm&r=g","height":96,"width":96}},"publisher":{"@type":"Organization","name":"eseden.cz","logo":{"@type":"ImageObject","@id":"\/logo.png","url":"\/logo.png","width":600,"height":60}},"image":null,"wordCount":209,"keywords":null},{"@type":"Article","@id":"https:\/\/www.eseden.cz\/hubnuti-ktere-vas-bude-bavit\/","headline":"Hubnut\u00ed, kter\u00e9 v\u00e1s bude bavit","url":"https:\/\/www.eseden.cz\/hubnuti-ktere-vas-bude-bavit\/","datePublished":"2025-09-01","dateModified":"2025-09-01","mainEntityOfPage":"https:\/\/www.eseden.cz\/hubnuti-ktere-vas-bude-bavit\/","author":{"@type":"Person","@id":"https:\/\/www.eseden.cz\/author\/#Person","name":"","url":"https:\/\/www.eseden.cz\/author\/","identifier":1,"image":{"@type":"ImageObject","@id":"https:\/\/secure.gravatar.com\/avatar\/8e6cbe5510d042e6a0b15162e198f2fd22eed76a4b5a1734d2174c652daccabc?s=96&d=mm&r=g","url":"https:\/\/secure.gravatar.com\/avatar\/8e6cbe5510d042e6a0b15162e198f2fd22eed76a4b5a1734d2174c652daccabc?s=96&d=mm&r=g","height":96,"width":96}},"publisher":{"@type":"Organization","name":"eseden.cz","logo":{"@type":"ImageObject","@id":"\/logo.png","url":"\/logo.png","width":600,"height":60}},"image":null,"wordCount":209,"keywords":null},{"@type":"Article","@id":"https:\/\/www.eseden.cz\/pro-male-i-velke-gurmany\/","headline":"Pro mal\u00e9 i velk\u00e9 gurm\u00e1ny","url":"https:\/\/www.eseden.cz\/pro-male-i-velke-gurmany\/","datePublished":"2025-08-23","dateModified":"2025-08-23","mainEntityOfPage":"https:\/\/www.eseden.cz\/pro-male-i-velke-gurmany\/","author":{"@type":"Person","@id":"https:\/\/www.eseden.cz\/author\/#Person","name":"","url":"https:\/\/www.eseden.cz\/author\/","identifier":1,"image":{"@type":"ImageObject","@id":"https:\/\/secure.gravatar.com\/avatar\/8e6cbe5510d042e6a0b15162e198f2fd22eed76a4b5a1734d2174c652daccabc?s=96&d=mm&r=g","url":"https:\/\/secure.gravatar.com\/avatar\/8e6cbe5510d042e6a0b15162e198f2fd22eed76a4b5a1734d2174c652daccabc?s=96&d=mm&r=g","height":96,"width":96}},"publisher":{"@type":"Organization","name":"eseden.cz","logo":{"@type":"ImageObject","@id":"\/logo.png","url":"\/logo.png","width":600,"height":60}},"image":null,"wordCount":214,"keywords":null},{"@type":"Article","@id":"https:\/\/www.eseden.cz\/darujici-versus-obdarovani\/","headline":"Daruj\u00edc\u00ed versus obdarovan\u00ed","url":"https:\/\/www.eseden.cz\/darujici-versus-obdarovani\/","datePublished":"2025-08-16","dateModified":"2025-08-16","mainEntityOfPage":"https:\/\/www.eseden.cz\/darujici-versus-obdarovani\/","author":{"@type":"Person","@id":"https:\/\/www.eseden.cz\/author\/#Person","name":"","url":"https:\/\/www.eseden.cz\/author\/","identifier":1,"image":{"@type":"ImageObject","@id":"https:\/\/secure.gravatar.com\/avatar\/8e6cbe5510d042e6a0b15162e198f2fd22eed76a4b5a1734d2174c652daccabc?s=96&d=mm&r=g","url":"https:\/\/secure.gravatar.com\/avatar\/8e6cbe5510d042e6a0b15162e198f2fd22eed76a4b5a1734d2174c652daccabc?s=96&d=mm&r=g","height":96,"width":96}},"publisher":{"@type":"Organization","name":"eseden.cz","logo":{"@type":"ImageObject","@id":"\/logo.png","url":"\/logo.png","width":600,"height":60}},"image":null,"wordCount":213,"keywords":null},{"@type":"Article","@id":"https:\/\/www.eseden.cz\/frote-prosteradla-muzete-vybirat-z-siroke-skaly-barev\/","headline":"Frot\u00e9 prost\u011bradla m\u016f\u017eete vyb\u00edrat z \u0161irok\u00e9 \u0161k\u00e1ly barev","url":"https:\/\/www.eseden.cz\/frote-prosteradla-muzete-vybirat-z-siroke-skaly-barev\/","datePublished":"2025-08-13","dateModified":"2025-08-13","mainEntityOfPage":"https:\/\/www.eseden.cz\/frote-prosteradla-muzete-vybirat-z-siroke-skaly-barev\/","author":{"@type":"Person","@id":"https:\/\/www.eseden.cz\/author\/#Person","name":"","url":"https:\/\/www.eseden.cz\/author\/","identifier":1,"image":{"@type":"ImageObject","@id":"https:\/\/secure.gravatar.com\/avatar\/8e6cbe5510d042e6a0b15162e198f2fd22eed76a4b5a1734d2174c652daccabc?s=96&d=mm&r=g","url":"https:\/\/secure.gravatar.com\/avatar\/8e6cbe5510d042e6a0b15162e198f2fd22eed76a4b5a1734d2174c652daccabc?s=96&d=mm&r=g","height":96,"width":96}},"publisher":{"@type":"Organization","name":"eseden.cz","logo":{"@type":"ImageObject","@id":"\/logo.png","url":"\/logo.png","width":600,"height":60}},"image":null,"wordCount":273,"keywords":null},{"@type":"Article","@id":"https:\/\/www.eseden.cz\/jedinecna-moznost-jak-poznat-krasy-prahy\/","headline":"Jedine\u010dn\u00e1 mo\u017enost, jak poznat kr\u00e1sy Prahy","url":"https:\/\/www.eseden.cz\/jedinecna-moznost-jak-poznat-krasy-prahy\/","datePublished":"2025-08-06","dateModified":"2025-08-06","mainEntityOfPage":"https:\/\/www.eseden.cz\/jedinecna-moznost-jak-poznat-krasy-prahy\/","author":{"@type":"Person","@id":"https:\/\/www.eseden.cz\/author\/#Person","name":"","url":"https:\/\/www.eseden.cz\/author\/","identifier":1,"image":{"@type":"ImageObject","@id":"https:\/\/secure.gravatar.com\/avatar\/8e6cbe5510d042e6a0b15162e198f2fd22eed76a4b5a1734d2174c652daccabc?s=96&d=mm&r=g","url":"https:\/\/secure.gravatar.com\/avatar\/8e6cbe5510d042e6a0b15162e198f2fd22eed76a4b5a1734d2174c652daccabc?s=96&d=mm&r=g","height":96,"width":96}},"publisher":{"@type":"Organization","name":"eseden.cz","logo":{"@type":"ImageObject","@id":"\/logo.png","url":"\/logo.png","width":600,"height":60}},"image":null,"wordCount":202,"keywords":null},{"@type":"Article","@id":"https:\/\/www.eseden.cz\/udelejte-si-ridicak\/","headline":"Ud\u011blejte si \u0159idi\u010d\u00e1k","url":"https:\/\/www.eseden.cz\/udelejte-si-ridicak\/","datePublished":"2025-07-31","dateModified":"2025-07-31","mainEntityOfPage":"https:\/\/www.eseden.cz\/udelejte-si-ridicak\/","author":{"@type":"Person","@id":"https:\/\/www.eseden.cz\/author\/#Person","name":"","url":"https:\/\/www.eseden.cz\/author\/","identifier":1,"image":{"@type":"ImageObject","@id":"https:\/\/secure.gravatar.com\/avatar\/8e6cbe5510d042e6a0b15162e198f2fd22eed76a4b5a1734d2174c652daccabc?s=96&d=mm&r=g","url":"https:\/\/secure.gravatar.com\/avatar\/8e6cbe5510d042e6a0b15162e198f2fd22eed76a4b5a1734d2174c652daccabc?s=96&d=mm&r=g","height":96,"width":96}},"publisher":{"@type":"Organization","name":"eseden.cz","logo":{"@type":"ImageObject","@id":"\/logo.png","url":"\/logo.png","width":600,"height":60}},"image":null,"wordCount":201,"keywords":null},{"@type":"Article","@id":"https:\/\/www.eseden.cz\/vsadte-na-originalitu\/","headline":"Vsa\u010fte na originalitu","url":"https:\/\/www.eseden.cz\/vsadte-na-originalitu\/","datePublished":"2025-07-24","dateModified":"2025-07-24","mainEntityOfPage":"https:\/\/www.eseden.cz\/vsadte-na-originalitu\/","author":{"@type":"Person","@id":"https:\/\/www.eseden.cz\/author\/#Person","name":"","url":"https:\/\/www.eseden.cz\/author\/","identifier":1,"image":{"@type":"ImageObject","@id":"https:\/\/secure.gravatar.com\/avatar\/8e6cbe5510d042e6a0b15162e198f2fd22eed76a4b5a1734d2174c652daccabc?s=96&d=mm&r=g","url":"https:\/\/secure.gravatar.com\/avatar\/8e6cbe5510d042e6a0b15162e198f2fd22eed76a4b5a1734d2174c652daccabc?s=96&d=mm&r=g","height":96,"width":96}},"publisher":{"@type":"Organization","name":"eseden.cz","logo":{"@type":"ImageObject","@id":"\/logo.png","url":"\/logo.png","width":600,"height":60}},"image":null,"wordCount":292,"keywords":null},{"@type":"Article","@id":"https:\/\/www.eseden.cz\/stante-se-majitelem-noveho-automobilu\/","headline":"Sta\u0148te se majitelem nov\u00e9ho automobilu","url":"https:\/\/www.eseden.cz\/stante-se-majitelem-noveho-automobilu\/","datePublished":"2025-07-19","dateModified":"2025-07-19","mainEntityOfPage":"https:\/\/www.eseden.cz\/stante-se-majitelem-noveho-automobilu\/","author":{"@type":"Person","@id":"https:\/\/www.eseden.cz\/author\/#Person","name":"","url":"https:\/\/www.eseden.cz\/author\/","identifier":1,"image":{"@type":"ImageObject","@id":"https:\/\/secure.gravatar.com\/avatar\/8e6cbe5510d042e6a0b15162e198f2fd22eed76a4b5a1734d2174c652daccabc?s=96&d=mm&r=g","url":"https:\/\/secure.gravatar.com\/avatar\/8e6cbe5510d042e6a0b15162e198f2fd22eed76a4b5a1734d2174c652daccabc?s=96&d=mm&r=g","height":96,"width":96}},"publisher":{"@type":"Organization","name":"eseden.cz","logo":{"@type":"ImageObject","@id":"\/logo.png","url":"\/logo.png","width":600,"height":60}},"image":null,"wordCount":195,"keywords":null},{"@type":"Article","@id":"https:\/\/www.eseden.cz\/jak-si-uzit-a-ne-se-sedrit\/","headline":"Jak si u\u017e\u00edt, a ne se sed\u0159\u00edt","url":"https:\/\/www.eseden.cz\/jak-si-uzit-a-ne-se-sedrit\/","datePublished":"2025-07-11","dateModified":"2025-07-11","mainEntityOfPage":"https:\/\/www.eseden.cz\/jak-si-uzit-a-ne-se-sedrit\/","author":{"@type":"Person","@id":"https:\/\/www.eseden.cz\/author\/#Person","name":"","url":"https:\/\/www.eseden.cz\/author\/","identifier":1,"image":{"@type":"ImageObject","@id":"https:\/\/secure.gravatar.com\/avatar\/8e6cbe5510d042e6a0b15162e198f2fd22eed76a4b5a1734d2174c652daccabc?s=96&d=mm&r=g","url":"https:\/\/secure.gravatar.com\/avatar\/8e6cbe5510d042e6a0b15162e198f2fd22eed76a4b5a1734d2174c652daccabc?s=96&d=mm&r=g","height":96,"width":96}},"publisher":{"@type":"Organization","name":"eseden.cz","logo":{"@type":"ImageObject","@id":"\/logo.png","url":"\/logo.png","width":600,"height":60}},"image":null,"wordCount":241,"keywords":null}]},{"@context":"https:\/\/schema.org","@type":"WebSite","@id":"https:\/\/www.eseden.cz\/#website","name":"Eseden","url":"https:\/\/www.eseden.cz","potentialAction":{"@type":"SearchAction","target":"https:\/\/www.eseden.cz\/?s={search_term_string}","query-input":"required name=search_term_string"}}]