[{"@context":"https:\/\/schema.org\/","@type":"Article","@id":"https:\/\/www.eseden.cz\/bazen-na-terase-s-vysokym-zastresenim\/#Article","mainEntityOfPage":"https:\/\/www.eseden.cz\/bazen-na-terase-s-vysokym-zastresenim\/","headline":"Baz\u00e9n na terase s vysok\u00fdm zast\u0159e\u0161en\u00edm","name":"Baz\u00e9n na terase s vysok\u00fdm zast\u0159e\u0161en\u00edm","description":"Zahradn\u00ed baz\u00e9ny si lid\u00e9 po\u0159izuj\u00ed v r\u016fzn\u00fdch tvarov\u00fdch variac\u00edch i velikostech, https:\/\/www.fler.cz\/zbozi\/moda\/nadmerne-velikosti a z\u00e1rove\u0148 \u0159e\u0161\u00ed, do jak\u00e9 \u010d\u00e1sti zahradn\u00edho prostoru jej um\u00edstit. N\u011bkdy b\u00fdv\u00e1 rozhodov\u00e1n\u00ed snadn\u00e9, proto\u017ee nen\u00ed p\u0159\u00edli\u0161 mnoho mo\u017enost\u00ed na v\u00fdb\u011br, a tak se vyb\u00edr\u00e1 pouze ze dvou \u010di dokonce z jedn\u00e9 mo\u017en\u00e9 varianty. Velmi \u010dasto se baz\u00e9n um\u00edst\u00ed na travnatou plochu, ale&#46;&#46;&#46;","datePublished":"2024-03-18","dateModified":"2024-04-18","author":{"@type":"Person","@id":"https:\/\/www.eseden.cz\/author\/#Person","name":"","url":"https:\/\/www.eseden.cz\/author\/","identifier":1,"image":{"@type":"ImageObject","@id":"https:\/\/secure.gravatar.com\/avatar\/8e6cbe5510d042e6a0b15162e198f2fd22eed76a4b5a1734d2174c652daccabc?s=96&d=mm&r=g","url":"https:\/\/secure.gravatar.com\/avatar\/8e6cbe5510d042e6a0b15162e198f2fd22eed76a4b5a1734d2174c652daccabc?s=96&d=mm&r=g","height":96,"width":96}},"publisher":{"@type":"Organization","name":"eseden.cz","logo":{"@type":"ImageObject","@id":"\/logo.png","url":"\/logo.png","width":600,"height":60}},"image":{"@type":"ImageObject","@id":"https:\/\/www.eseden.cz\/wp-content\/uploads\/background-4320397_640_10.jpg","url":"https:\/\/www.eseden.cz\/wp-content\/uploads\/background-4320397_640_10.jpg","height":0,"width":0},"url":"https:\/\/www.eseden.cz\/bazen-na-terase-s-vysokym-zastresenim\/","about":["Firmy"],"wordCount":415,"articleBody":"      Zahradn\u00ed baz\u00e9ny si lid\u00e9 po\u0159izuj\u00ed v r\u016fzn\u00fdch tvarov\u00fdch variac\u00edch i velikostech, https:\/\/www.fler.cz\/zbozi\/moda\/nadmerne-velikosti  a z\u00e1rove\u0148 \u0159e\u0161\u00ed, do jak\u00e9 \u010d\u00e1sti zahradn\u00edho prostoru jej um\u00edstit. N\u011bkdy b\u00fdv\u00e1 rozhodov\u00e1n\u00ed snadn\u00e9, proto\u017ee nen\u00ed p\u0159\u00edli\u0161 mnoho mo\u017enost\u00ed na v\u00fdb\u011br, a tak se vyb\u00edr\u00e1 pouze ze dvou \u010di dokonce z jedn\u00e9 mo\u017en\u00e9 varianty. Velmi \u010dasto se baz\u00e9n um\u00edst\u00ed na travnatou plochu, ale lze to ud\u011blat i docela netradi\u010dn\u011b, a sice nechat vybudovat zapu\u0161t\u011bnou n\u00e1dr\u017e p\u0159\u00edmo v sousedstv\u00ed domu, na terase. Ve sva\u017eit\u00e9m ter\u00e9nu to m\u016f\u017ee prob\u011bhnout formou betonov\u00e9 kask\u00e1dy, jak tomu b\u00fdv\u00e1 nap\u0159\u00edklad pom\u011brn\u011b \u010dasto ve \u0160pan\u011blsku, v n\u011bkter\u00fdch hornat\u00fdch p\u0159\u00edmo\u0159sk\u00fdch letovisc\u00edch.Jakmile baz\u00e9n usad\u00edte na sv\u00e9 m\u00edsto a bude odtud fantastick\u00fd v\u00fdhled do krajiny, co\u017e v horn\u00edch parti\u00edch kask\u00e1dov\u00fdch teras m\u016f\u017ee vyzn\u00edt skute\u010dn\u011b impozantn\u011b, bude zapot\u0159eb\u00ed opat\u0159it n\u00e1dr\u017e vysok\u00fdm zast\u0159e\u0161en\u00edm baz\u00e9nu. To se prov\u00e1d\u00ed z n\u011bkolika d\u016fvod\u016f, a by bychom si je tu mohli p\u0159ipomenout:Sn\u00ed\u017een\u00ed hluku \u2013 kdo m\u00e1 zahradu nedaleko d\u00e1lnice nebo m\u00edstn\u00ed komunikace s hust\u0161\u00edm automobilov\u00fdm provozem, m\u016f\u017ee b\u00fdt hlukem obt\u011b\u017eov\u00e1n celkem nevyb\u00edrav\u00fdm zp\u016fsobem. Zast\u0159e\u0161en\u00ed baz\u00e9n\u016f \u010d\u00e1ste\u010dn\u011b eliminuje okoln\u00ed zvuky, respektive odr\u00e1\u017e\u00ed je zp\u011bt do prostoru. Uvnit\u0159 baz\u00e9nu se v\u00e1m pak bude l\u00e9pe relaxovat.Sn\u00ed\u017een\u00ed pra\u0161nosti \u2013 padaj\u00edc\u00ed list\u00ed na hladinu baz\u00e9nu neb\u00fdv\u00e1 takov\u00fd probl\u00e9m, jako okoln\u00ed prach. Uv\u011bdomte si, \u017ee v ovzdu\u0161\u00ed v\u0161udyp\u0159\u00edtomn\u00e9 prachov\u00e9 \u010d\u00e1stice jsou pouh\u00fdm zrakem neviditeln\u00e9, ale ke spadu doch\u00e1z\u00ed nep\u0159etr\u017eit\u011b 24 hodin denn\u011b, a t\u00edm je vodn\u00ed plocha, pota\u017emo cel\u00e1 vodn\u00ed masa, zat\u00ed\u017eena toxick\u00fdmi chemik\u00e1liemi. Samoz\u0159ejm\u011b to nen\u00ed nic smrt\u00edc\u00edho, ale uv\u011bdomte si, \u017ee prach dnes obsahuje i t\u011b\u017ek\u00e9 kovy, kter\u00e9 na zemsk\u00fd povrch dopadaj\u00ed nap\u0159\u00edklad z leteck\u00fdch motor\u016f, kde doch\u00e1z\u00ed ke spalov\u00e1n\u00ed kerosenu p\u0159i velmi vysok\u00fdch teplot\u00e1ch, a to pak zp\u016fsobuje \u010d\u00e1ste\u010dnou degradaci povrchu kovov\u00fdch slitin. Nej\u010dast\u011bji jde o baryum, hlin\u00edk, titan \u010di yttrium. Zast\u0159e\u0161en\u00ed baz\u00e9nu tyto emise v\u00fdrazn\u011b sn\u00ed\u017e\u00ed.                                                                                                                                                                                                                                                                                                                                                                                          3.7\/5 - (9 votes)        "},{"@context":"https:\/\/schema.org\/","@type":"BreadcrumbList","itemListElement":[{"@type":"ListItem","position":1,"name":"Baz\u00e9n na terase s vysok\u00fdm zast\u0159e\u0161en\u00edm","item":"https:\/\/www.eseden.cz\/bazen-na-terase-s-vysokym-zastresenim\/#breadcrumbitem"}]}]