{"@context":"https:\/\/schema.org\/","@type":"CollectionPage","@id":"https:\/\/www.eseden.cz\/byt\/#CollectionPage","headline":"Byt Category","description":"","url":"https:\/\/www.eseden.cz\/byt\/","hasPart":[{"@type":"Article","@id":"https:\/\/www.eseden.cz\/krasne-drevostavby\/","headline":"Kr\u00e1sn\u00e9 d\u0159evostavby","url":"https:\/\/www.eseden.cz\/krasne-drevostavby\/","datePublished":"2025-02-19","dateModified":"2025-02-19","mainEntityOfPage":"https:\/\/www.eseden.cz\/krasne-drevostavby\/","author":{"@type":"Person","@id":"https:\/\/www.eseden.cz\/author\/#Person","name":"","url":"https:\/\/www.eseden.cz\/author\/","identifier":1,"image":{"@type":"ImageObject","@id":"https:\/\/secure.gravatar.com\/avatar\/8e6cbe5510d042e6a0b15162e198f2fd22eed76a4b5a1734d2174c652daccabc?s=96&d=mm&r=g","url":"https:\/\/secure.gravatar.com\/avatar\/8e6cbe5510d042e6a0b15162e198f2fd22eed76a4b5a1734d2174c652daccabc?s=96&d=mm&r=g","height":96,"width":96}},"publisher":{"@type":"Organization","name":"eseden.cz","logo":{"@type":"ImageObject","@id":"\/logo.png","url":"\/logo.png","width":600,"height":60}},"image":{"@type":"ImageObject","@id":"https:\/\/www.eseden.cz\/wp-content\/uploads\/srub_3.jpg","url":"https:\/\/www.eseden.cz\/wp-content\/uploads\/srub_3.jpg","height":0,"width":0},"keywords":null},{"@type":"Article","@id":"https:\/\/www.eseden.cz\/ano-strecha-je-zaklad-domu\/","headline":"Ano, st\u0159echa je z\u00e1klad domu","url":"https:\/\/www.eseden.cz\/ano-strecha-je-zaklad-domu\/","datePublished":"2024-11-19","dateModified":"2024-11-19","mainEntityOfPage":"https:\/\/www.eseden.cz\/ano-strecha-je-zaklad-domu\/","author":{"@type":"Person","@id":"https:\/\/www.eseden.cz\/author\/#Person","name":"","url":"https:\/\/www.eseden.cz\/author\/","identifier":1,"image":{"@type":"ImageObject","@id":"https:\/\/secure.gravatar.com\/avatar\/8e6cbe5510d042e6a0b15162e198f2fd22eed76a4b5a1734d2174c652daccabc?s=96&d=mm&r=g","url":"https:\/\/secure.gravatar.com\/avatar\/8e6cbe5510d042e6a0b15162e198f2fd22eed76a4b5a1734d2174c652daccabc?s=96&d=mm&r=g","height":96,"width":96}},"publisher":{"@type":"Organization","name":"eseden.cz","logo":{"@type":"ImageObject","@id":"\/logo.png","url":"\/logo.png","width":600,"height":60}},"image":{"@type":"ImageObject","@id":"https:\/\/www.eseden.cz\/wp-content\/uploads\/firemn%C3%AD%20d%C5%AFm_8.jpg","url":"https:\/\/www.eseden.cz\/wp-content\/uploads\/firemn%C3%AD%20d%C5%AFm_8.jpg","height":0,"width":0},"keywords":null},{"@type":"Article","@id":"https:\/\/www.eseden.cz\/v-cem-byste-chteli-bydlet\/","headline":"V \u010dem byste cht\u011bli bydlet?","url":"https:\/\/www.eseden.cz\/v-cem-byste-chteli-bydlet\/","datePublished":"2024-02-19","dateModified":"2024-03-20","mainEntityOfPage":"https:\/\/www.eseden.cz\/v-cem-byste-chteli-bydlet\/","author":{"@type":"Person","@id":"https:\/\/www.eseden.cz\/author\/#Person","name":"","url":"https:\/\/www.eseden.cz\/author\/","identifier":1,"image":{"@type":"ImageObject","@id":"https:\/\/secure.gravatar.com\/avatar\/8e6cbe5510d042e6a0b15162e198f2fd22eed76a4b5a1734d2174c652daccabc?s=96&d=mm&r=g","url":"https:\/\/secure.gravatar.com\/avatar\/8e6cbe5510d042e6a0b15162e198f2fd22eed76a4b5a1734d2174c652daccabc?s=96&d=mm&r=g","height":96,"width":96}},"publisher":{"@type":"Organization","name":"eseden.cz","logo":{"@type":"ImageObject","@id":"\/logo.png","url":"\/logo.png","width":600,"height":60}},"image":{"@type":"ImageObject","@id":"https:\/\/www.eseden.cz\/wp-content\/uploads\/bungalow-20544_640(1)_10_10_10_10_10.jpg","url":"https:\/\/www.eseden.cz\/wp-content\/uploads\/bungalow-20544_640(1)_10_10_10_10_10.jpg","height":0,"width":0},"keywords":null},{"@type":"Article","@id":"https:\/\/www.eseden.cz\/uklizeny-byt\/","headline":"Uklizen\u00fd byt","url":"https:\/\/www.eseden.cz\/uklizeny-byt\/","datePublished":"2024-01-30","dateModified":"2024-01-30","mainEntityOfPage":"https:\/\/www.eseden.cz\/uklizeny-byt\/","author":{"@type":"Person","@id":"https:\/\/www.eseden.cz\/author\/#Person","name":"","url":"https:\/\/www.eseden.cz\/author\/","identifier":1,"image":{"@type":"ImageObject","@id":"https:\/\/secure.gravatar.com\/avatar\/8e6cbe5510d042e6a0b15162e198f2fd22eed76a4b5a1734d2174c652daccabc?s=96&d=mm&r=g","url":"https:\/\/secure.gravatar.com\/avatar\/8e6cbe5510d042e6a0b15162e198f2fd22eed76a4b5a1734d2174c652daccabc?s=96&d=mm&r=g","height":96,"width":96}},"publisher":{"@type":"Organization","name":"eseden.cz","logo":{"@type":"ImageObject","@id":"\/logo.png","url":"\/logo.png","width":600,"height":60}},"image":{"@type":"ImageObject","@id":"https:\/\/www.eseden.cz\/wp-content\/uploads\/book-2020460_1280_3.jpg","url":"https:\/\/www.eseden.cz\/wp-content\/uploads\/book-2020460_1280_3.jpg","height":0,"width":0},"keywords":null},{"@type":"Article","@id":"https:\/\/www.eseden.cz\/zarizovani-bydleni\/","headline":"Za\u0159izov\u00e1n\u00ed bydlen\u00ed","url":"https:\/\/www.eseden.cz\/zarizovani-bydleni\/","datePublished":"2023-12-18","dateModified":"2024-01-23","mainEntityOfPage":"https:\/\/www.eseden.cz\/zarizovani-bydleni\/","author":{"@type":"Person","@id":"https:\/\/www.eseden.cz\/author\/#Person","name":"","url":"https:\/\/www.eseden.cz\/author\/","identifier":1,"image":{"@type":"ImageObject","@id":"https:\/\/secure.gravatar.com\/avatar\/8e6cbe5510d042e6a0b15162e198f2fd22eed76a4b5a1734d2174c652daccabc?s=96&d=mm&r=g","url":"https:\/\/secure.gravatar.com\/avatar\/8e6cbe5510d042e6a0b15162e198f2fd22eed76a4b5a1734d2174c652daccabc?s=96&d=mm&r=g","height":96,"width":96}},"publisher":{"@type":"Organization","name":"eseden.cz","logo":{"@type":"ImageObject","@id":"\/logo.png","url":"\/logo.png","width":600,"height":60}},"image":{"@type":"ImageObject","@id":"https:\/\/www.eseden.cz\/wp-content\/uploads\/office-space-1744803_640.jpg","url":"https:\/\/www.eseden.cz\/wp-content\/uploads\/office-space-1744803_640.jpg","height":0,"width":0},"keywords":null},{"@type":"Article","@id":"https:\/\/www.eseden.cz\/na-co-bychom-se-meli-zamerit-pri-vyberu-bytu\/","headline":"Na co bychom se m\u011bli zam\u011b\u0159it p\u0159i v\u00fdb\u011bru bytu","url":"https:\/\/www.eseden.cz\/na-co-bychom-se-meli-zamerit-pri-vyberu-bytu\/","datePublished":"2023-08-28","dateModified":"2024-03-28","mainEntityOfPage":"https:\/\/www.eseden.cz\/na-co-bychom-se-meli-zamerit-pri-vyberu-bytu\/","author":{"@type":"Person","@id":"https:\/\/www.eseden.cz\/author\/#Person","name":"","url":"https:\/\/www.eseden.cz\/author\/","identifier":1,"image":{"@type":"ImageObject","@id":"https:\/\/secure.gravatar.com\/avatar\/8e6cbe5510d042e6a0b15162e198f2fd22eed76a4b5a1734d2174c652daccabc?s=96&d=mm&r=g","url":"https:\/\/secure.gravatar.com\/avatar\/8e6cbe5510d042e6a0b15162e198f2fd22eed76a4b5a1734d2174c652daccabc?s=96&d=mm&r=g","height":96,"width":96}},"publisher":{"@type":"Organization","name":"eseden.cz","logo":{"@type":"ImageObject","@id":"\/logo.png","url":"\/logo.png","width":600,"height":60}},"image":{"@type":"ImageObject","@id":"https:\/\/www.eseden.cz\/wp-content\/uploads\/byt1_10_2.jpg","url":"https:\/\/www.eseden.cz\/wp-content\/uploads\/byt1_10_2.jpg","height":0,"width":0},"keywords":null}]}