[{"@context":"https:\/\/schema.org\/","@type":"Article","@id":"https:\/\/www.eseden.cz\/jak-se-dneska-mame\/#Article","mainEntityOfPage":"https:\/\/www.eseden.cz\/jak-se-dneska-mame\/","headline":"Jak se dneska m\u00e1me?","name":"Jak se dneska m\u00e1me?","description":"My lid\u00e9 se v\u017edycky n\u011bjak m\u00e1me. Je\u0161t\u011b se nestalo, \u017ee bychom se nijak nem\u011bli. A zat\u00edmco se n\u011bkdy m\u00e1me dob\u0159e, jindy to nemus\u00ed b\u00fdt v\u016fbec \u017e\u00e1dn\u00e1 sl\u00e1va. Toho, co ovliv\u0148uje to, jak se m\u00e1me, je pochopiteln\u011b dost. Na na\u0161e pocity m\u00e1 vliv i zdrav\u00ed, i m\u00edsto, kde \u017eijeme, i pr\u00e1ce, kterou vykon\u00e1v\u00e1me, d\u016fle\u017eit\u00e9 jsou v&#46;&#46;&#46;","datePublished":"2023-03-19","dateModified":"2023-04-24","author":{"@type":"Person","@id":"https:\/\/www.eseden.cz\/author\/#Person","name":"","url":"https:\/\/www.eseden.cz\/author\/","identifier":1,"image":{"@type":"ImageObject","@id":"https:\/\/secure.gravatar.com\/avatar\/8e6cbe5510d042e6a0b15162e198f2fd22eed76a4b5a1734d2174c652daccabc?s=96&d=mm&r=g","url":"https:\/\/secure.gravatar.com\/avatar\/8e6cbe5510d042e6a0b15162e198f2fd22eed76a4b5a1734d2174c652daccabc?s=96&d=mm&r=g","height":96,"width":96}},"publisher":{"@type":"Organization","name":"eseden.cz","logo":{"@type":"ImageObject","@id":"\/logo.png","url":"\/logo.png","width":600,"height":60}},"image":{"@type":"ImageObject","@id":"https:\/\/www.eseden.cz\/wp-content\/uploads\/money-3589888_960_720.jpg","url":"https:\/\/www.eseden.cz\/wp-content\/uploads\/money-3589888_960_720.jpg","height":0,"width":0},"url":"https:\/\/www.eseden.cz\/jak-se-dneska-mame\/","about":["Ekonomika"],"wordCount":463,"articleBody":"   My lid\u00e9 se v\u017edycky n\u011bjak m\u00e1me. Je\u0161t\u011b se nestalo, \u017ee bychom se nijak nem\u011bli. A zat\u00edmco se n\u011bkdy m\u00e1me dob\u0159e, jindy to nemus\u00ed b\u00fdt v\u016fbec \u017e\u00e1dn\u00e1 sl\u00e1va.Toho, co ovliv\u0148uje to, jak se m\u00e1me, je pochopiteln\u011b dost. Na na\u0161e pocity m\u00e1 vliv i zdrav\u00ed, i m\u00edsto, kde \u017eijeme, i pr\u00e1ce, kterou vykon\u00e1v\u00e1me, d\u016fle\u017eit\u00e9 jsou v tomto ohledu i vztahy v rodin\u011b nebo ty s jin\u00fdmi lidmi\u2026 A pochopiteln\u011b je tu velice z\u00e1sadn\u00ed i vliv na\u0161\u00ed finan\u010dn\u00ed situace.Ano, o tom, jak se m\u00e1me, rozhoduj\u00ed \u010dasto i pen\u00edze, kter\u00e9 m\u00e1me, respektive nem\u00e1me. Kdy\u017e jsme na tom finan\u010dn\u011b dob\u0159e a m\u016f\u017eeme si d\u00edky tomu hodn\u011b dop\u0159\u00e1vat, pochvalujeme si, zat\u00edmco v b\u00edd\u011b si leda tak zouf\u00e1me. I kdy\u017e je vlastn\u011b takov\u00e9 pochvalov\u00e1n\u00ed si nebo zouf\u00e1n\u00ed dost subjektivn\u00ed z\u00e1le\u017eitost. N\u011bkdy si pochvalujeme i to, co je z pohledu jin\u00fdch lid\u00ed b\u00edda, zat\u00edmco jindy nad\u00e1v\u00e1me na to, co by si s n\u00e1mi kdekdo r\u00e1d vym\u011bnil za svou realitu.A tak jsme t\u0159eba za komunist\u016f nad\u00e1vali na pom\u011bry. A byly k tomu vlastn\u011b i jist\u00e9 opr\u00e1vn\u011bn\u00e9 d\u016fvody, proto\u017ee tu bylo nedostatkov\u00e9 to a tu ono, tu jsme n\u011bco nesehnali a tu t\u0159eba nem\u011bli na n\u011bco luxusn\u00edho, co se ale i jen kousek za na\u0161imi z\u00e1padn\u00edmi hranicemi pova\u017eovalo za snadno dostupnou samoz\u0159ejmost. Ov\u0161em z\u00e1rove\u0148 jsme si v podstat\u011b \u017eili nad pom\u011bry, proto\u017ee vzhledem k tomu, jakou pr\u00e1ci kdekdo z n\u00e1s odv\u00e1d\u011bl, by bylo \u010dasto logick\u00e9, kdyby tento m\u00edsto bran\u00ed v\u00fdplaty je\u0161t\u011b dopl\u00e1cel.Pak se tu st\u0159\u00eddaly re\u017eimy \u00fasporn\u00e9 i rozhazova\u010dn\u00e9, a ty jsme my lid\u00e9 vn\u00edmali podle toho, jak se n\u00e1m za nich vedlo. A doned\u00e1vna si spousta lid\u00ed d\u00edky vl\u00e1dn\u00edmu populismu chv\u00e1lila. A proto\u017ee tento populismus s novou vl\u00e1dou do zna\u010dn\u00e9 m\u00edry skon\u010dil, nad\u00e1v\u00e1me na pom\u011bry. U\u017e n\u00e1m nen\u00ed tak dob\u0159e, \u010dasto se pot\u00fdk\u00e1me i s nedostatkem. Proto\u017ee je na \u010dase spl\u00e1cet d\u0159\u00edve nad\u011blan\u00e9 dluhy. Dnes u\u017e se skv\u011ble nem\u00e1me Hypot\u00e9ka bez registru n\u00e1m ale m\u016f\u017ee zajistit, abychom se aspo\u0148 nem\u011bli \u0161patn\u011b. Ale je dobr\u00fdm pomocn\u00edkem jen tehdy, kdy\u017e si ji bereme s rozumem. Kdy\u017e nepou\u017e\u00edv\u00e1me pen\u00edze stejn\u011b hloup\u011b jako p\u0159edchoz\u00ed vl\u00e1da, na jej\u00ed\u017e ekonomickou \u010dinnost dodnes dopl\u00e1c\u00edme.                                                                                                                                                                                                                                                                                                                                                                                          4\/5 - (7 votes)        "},{"@context":"https:\/\/schema.org\/","@type":"BreadcrumbList","itemListElement":[{"@type":"ListItem","position":1,"name":"Jak se dneska m\u00e1me?","item":"https:\/\/www.eseden.cz\/jak-se-dneska-mame\/#breadcrumbitem"}]}]