[{"@context":"https:\/\/schema.org\/","@type":"Article","@id":"https:\/\/www.eseden.cz\/kdyz-nekdo-nechce-zvire\/#Article","mainEntityOfPage":"https:\/\/www.eseden.cz\/kdyz-nekdo-nechce-zvire\/","headline":"Kdy\u017e n\u011bkdo nechce zv\u00ed\u0159e&#8230;","name":"Kdy\u017e n\u011bkdo nechce zv\u00ed\u0159e&#8230;","description":"Pokud n\u011bkdo nechce zv\u00ed\u0159e, bude velmi t\u011b\u017ek\u00e9 jeho n\u00e1zor zm\u011bnit. Je mo\u017en\u00e9, \u017ee se dan\u00fd \u010dlov\u011bk pr\u00e1v\u011b takto rozhodl kv\u016fli tomu, \u017ee si ji\u017e se zv\u00ed\u0159aty za\u017eil sv\u00e9 a u\u017e psychicky nem\u00e1 na to, aby s dal\u0161\u00edm zv\u00ed\u0159etem jezdil na veterinu apod. Je jasn\u00e9, \u017ee ka\u017ed\u00e9 zv\u00ed\u0159e n\u011bco stoj\u00ed a nen\u00ed to pouze o po\u0159izovac\u00ed&#46;&#46;&#46;","datePublished":"2023-01-19","dateModified":"2023-04-24","author":{"@type":"Person","@id":"https:\/\/www.eseden.cz\/author\/#Person","name":"","url":"https:\/\/www.eseden.cz\/author\/","identifier":1,"image":{"@type":"ImageObject","@id":"https:\/\/secure.gravatar.com\/avatar\/8e6cbe5510d042e6a0b15162e198f2fd22eed76a4b5a1734d2174c652daccabc?s=96&d=mm&r=g","url":"https:\/\/secure.gravatar.com\/avatar\/8e6cbe5510d042e6a0b15162e198f2fd22eed76a4b5a1734d2174c652daccabc?s=96&d=mm&r=g","height":96,"width":96}},"publisher":{"@type":"Organization","name":"eseden.cz","logo":{"@type":"ImageObject","@id":"\/logo.png","url":"\/logo.png","width":600,"height":60}},"image":{"@type":"ImageObject","@id":"https:\/\/www.eseden.cz\/wp-content\/uploads\/peko_1.JPG","url":"https:\/\/www.eseden.cz\/wp-content\/uploads\/peko_1.JPG","height":0,"width":0},"url":"https:\/\/www.eseden.cz\/kdyz-nekdo-nechce-zvire\/","about":["Zv\u00ed\u0159ata"],"wordCount":449,"articleBody":"Pokud n\u011bkdo nechce zv\u00ed\u0159e, bude velmi t\u011b\u017ek\u00e9 jeho n\u00e1zor zm\u011bnit. Je mo\u017en\u00e9, \u017ee se dan\u00fd \u010dlov\u011bk pr\u00e1v\u011b takto rozhodl kv\u016fli tomu, \u017ee si ji\u017e se zv\u00ed\u0159aty za\u017eil sv\u00e9 a u\u017e psychicky nem\u00e1 na to, aby s dal\u0161\u00edm zv\u00ed\u0159etem jezdil na veterinu apod. Je jasn\u00e9, \u017ee ka\u017ed\u00e9 zv\u00ed\u0159e n\u011bco stoj\u00ed a nen\u00ed to pouze o po\u0159izovac\u00ed cen\u011b, ale tak\u00e9 o j\u00eddle, vod\u011b, zdravotn\u00ed p\u00e9\u010di apod.Je nav\u00edc pot\u0159eba po\u010d\u00edtat i s t\u00edm, \u017ee takov\u00e9mu zv\u00ed\u0159eti je pot\u0159eba se hlavn\u011b v\u011bnovat. Pokud bychom si jako p\u0159\u00edklad uvedli psa, pak ur\u010dit\u011b v\u00edte, \u017ee takov\u00fd pes pot\u0159ebuje pohyb a to, \u017ee jej budete m\u00edt neust\u00e1le zav\u0159en\u00e9ho doma, pro n\u011bj opravdu nebude ide\u00e1ln\u00ed.Pokud m\u00e1 pes mo\u017enost fungovat na zahrad\u011b, je to daleko lep\u0161\u00ed, ne\u017e kdy\u017e mus\u00ed b\u00fdt zav\u0159en\u00fd doma. Je jasn\u00e9, \u017ee kdy\u017e \u010dlov\u011bk p\u0159ijde dom\u016f z pr\u00e1ce, ihned dan\u00e9ho psa vezme a jdou se spole\u010dn\u011b proj\u00edt, ale n\u011bco takov\u00e9ho \u00fapln\u011b nesta\u010d\u00ed. Mnoz\u00ed si mohou myslet, \u017ee ano, ale nikoliv. Pes se mnohdy p\u0159es den zabav\u00ed tak, \u017ee si hraje nebo sp\u00ed, ale ne v\u0161em ps\u016fm m\u016f\u017ee n\u011bco takov\u00e9ho vyhovovat. Jsou psi, kte\u0159\u00ed ocen\u00ed, pokud budou na proch\u00e1zce minim\u00e1ln\u011b p\u016fl dne, ale v\u0161ichni nemaj\u00ed \u010das na to, aby chodili p\u016fl dne se sv\u00fdm psem na proch\u00e1zku. Dnes je to tak, \u017ee pokud chce \u010dlov\u011bk n\u011bjak\u00e9 zv\u00ed\u0159e, nen\u00ed to jen o tom, \u017ee na to mus\u00ed m\u00edt, co se t\u00fdk\u00e1 financ\u00ed, ale i o tom, \u017ee na n\u011bj mus\u00ed m\u00edt hlavn\u011b dostatek \u010dasu. Pravd\u011bpodobn\u011b vy budete t\u011bmi, kte\u0159\u00ed budou s dan\u00fdm psem chodit na veterinu apod., tak\u017ee mus\u00edte m\u00edt dostatek \u010dasu.U\u017e jen z toho d\u016fvodu si mnoho lid\u00ed po\u0159izuje psa a\u017e na d\u016fchod, proto\u017ee v d\u016fchod\u011b maj\u00ed kone\u010dn\u011b na n\u011bco takov\u00e9ho, jako je n\u011bjak\u00e9 to zv\u00ed\u0159e, \u010das. Je mnoho mlad\u00fdch lid\u00ed, kte\u0159\u00ed by si p\u0159\u00e1li, pokud by n\u011bjak\u00e9 to zv\u00ed\u0159e m\u011bli, jen\u017ee kolikr\u00e1t nemaj\u00ed tolik \u010dasu, kolik je na to pot\u0159eba, tak\u017ee by byl dan\u00fd pes chud\u00e1k, proto\u017ee by se mu nikdo nev\u011bnoval. Kdy\u017e chce \u010dlov\u011bk zv\u00ed\u0159e, m\u011bl by prve zv\u00e1\u017eit v\u0161echny okolnosti, proto\u017ee mo\u017en\u00e1 dojdete k z\u00e1v\u011bru, \u017ee na to nyn\u00ed nen\u00ed ide\u00e1ln\u00ed doba.                                                                                                                                                                                                                                                                                                                                                                                        4.2\/5 - (11 votes)        "},{"@context":"https:\/\/schema.org\/","@type":"BreadcrumbList","itemListElement":[{"@type":"ListItem","position":1,"name":"Kdy\u017e n\u011bkdo nechce zv\u00ed\u0159e&#8230;","item":"https:\/\/www.eseden.cz\/kdyz-nekdo-nechce-zvire\/#breadcrumbitem"}]}]