[{"@context":"https:\/\/schema.org\/","@type":"Article","@id":"https:\/\/www.eseden.cz\/koho-si-pozvat-na-zmenu-interieru\/#Article","mainEntityOfPage":"https:\/\/www.eseden.cz\/koho-si-pozvat-na-zmenu-interieru\/","headline":"Koho si pozvat na zm\u011bnu interi\u00e9ru","name":"Koho si pozvat na zm\u011bnu interi\u00e9ru","description":"Jako spole\u010dnost se zku\u0161enostmi u n\u00e1s i v zahrani\u010d\u00ed, jsme se za\u010dali zam\u011b\u0159ovat na n\u00e1vrhy interi\u00e9r\u016f byt\u016f i dom\u016f. M\u00e1me mnoho z\u00e1kazn\u00edk\u016f, kte\u0159\u00ed u n\u00e1s hledaj\u00ed pomoc, pokud se dostanou k nov\u00e9mu bydlen\u00ed nebo rekonstrukci. Dne\u0161n\u00ed stavebnictv\u00ed d\u00e1v\u00e1 architekt\u016f do rukou siln\u00e9 zbran\u011b, v novostavb\u00e1ch p\u0159ib\u00fdv\u00e1 mnoho prvk\u016f. Stejn\u011b n\u00e1ro\u010dn\u00e9 jsou rekonstrukce star\u0161\u00edch byt\u016f \u010di&#46;&#46;&#46;","datePublished":"2025-04-19","dateModified":"2025-04-19","author":{"@type":"Person","@id":"https:\/\/www.eseden.cz\/author\/#Person","name":"","url":"https:\/\/www.eseden.cz\/author\/","identifier":1,"image":{"@type":"ImageObject","@id":"https:\/\/secure.gravatar.com\/avatar\/8e6cbe5510d042e6a0b15162e198f2fd22eed76a4b5a1734d2174c652daccabc?s=96&d=mm&r=g","url":"https:\/\/secure.gravatar.com\/avatar\/8e6cbe5510d042e6a0b15162e198f2fd22eed76a4b5a1734d2174c652daccabc?s=96&d=mm&r=g","height":96,"width":96}},"publisher":{"@type":"Organization","name":"eseden.cz","logo":{"@type":"ImageObject","@id":"\/logo.png","url":"\/logo.png","width":600,"height":60}},"url":"https:\/\/www.eseden.cz\/koho-si-pozvat-na-zmenu-interieru\/","wordCount":164,"articleBody":"Jako spole\u010dnost se zku\u0161enostmi u n\u00e1s i v zahrani\u010d\u00ed, jsme se za\u010dali zam\u011b\u0159ovat na n\u00e1vrhy interi\u00e9r\u016f byt\u016f i dom\u016f. M\u00e1me mnoho z\u00e1kazn\u00edk\u016f, kte\u0159\u00ed u n\u00e1s hledaj\u00ed pomoc, pokud se dostanou k nov\u00e9mu bydlen\u00ed nebo rekonstrukci.Dne\u0161n\u00ed stavebnictv\u00ed d\u00e1v\u00e1 architekt\u016f do rukou siln\u00e9 zbran\u011b, v novostavb\u00e1ch p\u0159ib\u00fdv\u00e1 mnoho prvk\u016f. Stejn\u011b n\u00e1ro\u010dn\u00e9 jsou rekonstrukce star\u0161\u00edch byt\u016f \u010di stavebn\u00ed \u00fapravy dom\u016f, kde n\u00e1vrhy interi\u00e9r\u016f \u0159e\u0161\u00edme b\u011bhem samotn\u00e9 pr\u00e1ce se stava\u0159i.Od p\u0159eds\u00edn\u011b po ps\u00ed pel\u00ed\u0161ekNen\u00ed to p\u0159ehnan\u00e9, je to tak doslova. Na\u0161i architekti V\u00e1m ochotn\u011b vysv\u011btl\u00ed a ud\u011blaj\u00ed v dispozici uspo\u0159\u00e1d\u00e1n\u00ed dle provozu, n\u00e1vrhy interi\u00e9r\u016f um\u00ed funk\u010dn\u011b skloubit, co se v\u00e1m l\u00edb\u00ed po str\u00e1nce designu s Va\u0161\u00edm pohodl\u00edm. Va\u0161e obl\u00edben\u00e9 k\u0159eslo s nepoveden\u00fdm osv\u011btlen\u00edm, je \u0161patn\u011b.                                                                                                                                                                                                                                                                                                                                                                                                "},{"@context":"https:\/\/schema.org\/","@type":"BreadcrumbList","itemListElement":[{"@type":"ListItem","position":1,"name":"Koho si pozvat na zm\u011bnu interi\u00e9ru","item":"https:\/\/www.eseden.cz\/koho-si-pozvat-na-zmenu-interieru\/#breadcrumbitem"}]}]