[{"@context":"https:\/\/schema.org\/","@type":"Article","@id":"https:\/\/www.eseden.cz\/nas-nabytek-do-vasich-domovu\/#Article","mainEntityOfPage":"https:\/\/www.eseden.cz\/nas-nabytek-do-vasich-domovu\/","headline":"N\u00e1\u0161 n\u00e1bytek do va\u0161ich domov\u016f","name":"N\u00e1\u0161 n\u00e1bytek do va\u0161ich domov\u016f","description":"Nyn\u00ed m\u00e1te senza\u010dn\u00ed p\u0159\u00edle\u017eitost nechat si zhotovit n\u011bkter\u00e9 z na\u0161ich vestav\u011bn\u00fdch sk\u0159\u00edn\u00ed Praha. Budou se v\u00e1m hodit do v\u0161ech p\u016fdn\u00edch a jin\u00fdch atypick\u00fdch prostor. Uvid\u00edte, \u017ee s nimi budete spokojeni i vy. D\u011bl\u00e1me je na m\u00edru. Zaberou p\u0159esn\u011b tolik m\u00edsta, kolik umo\u017en\u00ed va\u0161e prostory. V p\u0159\u00edpad\u011b va\u0161eho z\u00e1jmu o na\u0161e slu\u017eby n\u00e1s m\u016f\u017eete kdykoliv kontaktovat.&#46;&#46;&#46;","datePublished":"2025-01-16","dateModified":"2025-01-16","author":{"@type":"Person","@id":"https:\/\/www.eseden.cz\/author\/#Person","name":"","url":"https:\/\/www.eseden.cz\/author\/","identifier":1,"image":{"@type":"ImageObject","@id":"https:\/\/secure.gravatar.com\/avatar\/8e6cbe5510d042e6a0b15162e198f2fd22eed76a4b5a1734d2174c652daccabc?s=96&d=mm&r=g","url":"https:\/\/secure.gravatar.com\/avatar\/8e6cbe5510d042e6a0b15162e198f2fd22eed76a4b5a1734d2174c652daccabc?s=96&d=mm&r=g","height":96,"width":96}},"publisher":{"@type":"Organization","name":"eseden.cz","logo":{"@type":"ImageObject","@id":"\/logo.png","url":"\/logo.png","width":600,"height":60}},"url":"https:\/\/www.eseden.cz\/nas-nabytek-do-vasich-domovu\/","wordCount":173,"articleBody":"Nyn\u00ed m\u00e1te senza\u010dn\u00ed p\u0159\u00edle\u017eitost nechat si zhotovit n\u011bkter\u00e9 z na\u0161ich vestav\u011bn\u00fdch sk\u0159\u00edn\u00ed Praha. Budou se v\u00e1m hodit do v\u0161ech p\u016fdn\u00edch a jin\u00fdch atypick\u00fdch prostor. Uvid\u00edte, \u017ee s nimi budete spokojeni i vy. D\u011bl\u00e1me je na m\u00edru. Zaberou p\u0159esn\u011b tolik m\u00edsta, kolik umo\u017en\u00ed va\u0161e prostory. V p\u0159\u00edpad\u011b va\u0161eho z\u00e1jmu o na\u0161e slu\u017eby n\u00e1s m\u016f\u017eete kdykoliv kontaktovat.Vybrat si m\u016f\u017eete z mnoha barev dekor\u016fChceme v\u00e1m t\u00edmto podat informace o na\u0161ich vestav\u011bn\u00fdch sk\u0159\u00edn\u00edch Praha. Chcete si je opat\u0159it tak\u00e9? Pokud ano, sta\u010d\u00ed n\u00e1s oslovit a hned jsme u v\u00e1s. M\u00edstnosti zam\u011b\u0159\u00edme a provedeme vizualizaci. Za tyto \u00fakony na\u0161i z\u00e1kazn\u00edci nikdy neplat\u00ed. Budete-li s na\u0161\u00ed nab\u00eddkou spokojeni, pust\u00edme se hned do jejich v\u00fdroby. Na\u0161i odborn\u00edci to zvl\u00e1dnou prov\u00e9st na jedni\u010dku.                                                                                                                                                                                                                                                                                                                                                                                        4\/5 - (4 votes)        "},{"@context":"https:\/\/schema.org\/","@type":"BreadcrumbList","itemListElement":[{"@type":"ListItem","position":1,"name":"N\u00e1\u0161 n\u00e1bytek do va\u0161ich domov\u016f","item":"https:\/\/www.eseden.cz\/nas-nabytek-do-vasich-domovu\/#breadcrumbitem"}]}]