[{"@context":"https:\/\/schema.org\/","@type":"Article","@id":"https:\/\/www.eseden.cz\/nezapomente-na-garaz\/#Article","mainEntityOfPage":"https:\/\/www.eseden.cz\/nezapomente-na-garaz\/","headline":"Nezapome\u0148te na gar\u00e1\u017e","name":"Nezapome\u0148te na gar\u00e1\u017e","description":"Spousta lid\u00ed m\u00e1 bohu\u017eel zku\u0161enosti s vandalismem. N\u011bkte\u0159\u00ed jedinci se bav\u00ed po\u0161kozov\u00e1n\u00edm a ni\u010den\u00edm ciz\u00edch aut, a nikdy nev\u00edte kdy to potk\u00e1 zrovna to va\u0161e. Nen\u00ed p\u0159\u00edjemn\u00e9 \u0159e\u0161it po\u0161kozen\u00ed auta, a\u0165 u\u017e v\u00e1s st\u00e1lo p\u00e1r des\u00edtek tis\u00edc anebo n\u011bkolik milion\u016f. I kdy\u017e m\u00e1te poji\u0161t\u011bn\u00ed, jsou to v\u017edycky starosti nav\u00edc, a \u010dasto si na \u00fahradu pojistn\u00e9ho&#46;&#46;&#46;","datePublished":"2024-11-27","dateModified":"2024-11-27","author":{"@type":"Person","@id":"https:\/\/www.eseden.cz\/author\/#Person","name":"","url":"https:\/\/www.eseden.cz\/author\/","identifier":1,"image":{"@type":"ImageObject","@id":"https:\/\/secure.gravatar.com\/avatar\/8e6cbe5510d042e6a0b15162e198f2fd22eed76a4b5a1734d2174c652daccabc?s=96&d=mm&r=g","url":"https:\/\/secure.gravatar.com\/avatar\/8e6cbe5510d042e6a0b15162e198f2fd22eed76a4b5a1734d2174c652daccabc?s=96&d=mm&r=g","height":96,"width":96}},"publisher":{"@type":"Organization","name":"eseden.cz","logo":{"@type":"ImageObject","@id":"\/logo.png","url":"\/logo.png","width":600,"height":60}},"image":{"@type":"ImageObject","@id":"https:\/\/www.eseden.cz\/wp-content\/uploads\/pexels-pnw-prod-7577367.jpg","url":"https:\/\/www.eseden.cz\/wp-content\/uploads\/pexels-pnw-prod-7577367.jpg","height":0,"width":0},"url":"https:\/\/www.eseden.cz\/nezapomente-na-garaz\/","about":["Produkty"],"wordCount":421,"articleBody":"   Spousta lid\u00ed m\u00e1 bohu\u017eel zku\u0161enosti s vandalismem. N\u011bkte\u0159\u00ed jedinci se bav\u00ed po\u0161kozov\u00e1n\u00edm a ni\u010den\u00edm ciz\u00edch aut, a nikdy nev\u00edte kdy to potk\u00e1 zrovna to va\u0161e. Nen\u00ed p\u0159\u00edjemn\u00e9 \u0159e\u0161it po\u0161kozen\u00ed auta, a\u0165 u\u017e v\u00e1s st\u00e1lo p\u00e1r des\u00edtek tis\u00edc anebo n\u011bkolik milion\u016f. I kdy\u017e m\u00e1te poji\u0161t\u011bn\u00ed, jsou to v\u017edycky starosti nav\u00edc, a \u010dasto si na \u00fahradu pojistn\u00e9ho pln\u011bn\u00ed chv\u00edli po\u010dk\u00e1te. Proto je lep\u0161\u00ed ned\u00e1vat takov\u00fdm lidem \u0161anci. Tot\u00e9\u017e plat\u00ed i pro zlod\u011bje, kte\u0159\u00ed vyhled\u00e1vaj\u00ed nejen sou\u010d\u00e1sti auta, kter\u00e1 z aut zaparkovan\u00fdch na voln\u00e9m prostranstv\u00ed dok\u00e1\u017eou od\u0159ezat b\u011bhem chvilky, ale kte\u0159\u00ed kradou i cel\u00e1 auta. Va\u0161e auto bude zcela v bezpe\u010d\u00ed jen ve va\u0161\u00ed vlastn\u00ed gar\u00e1\u017ei. Je lep\u0161\u00ed po\u010d\u00edtat u projektu domu rovnou s gar\u00e1\u017e\u00ed.N\u011bkomu bude v\u00edc vyhovovat gar\u00e1\u017e spojen\u00e1 s domem, n\u011bkdo ocen\u00ed voln\u011b stoj\u00edc\u00ed gar\u00e1\u017e. Ob\u011b varianty maj\u00ed n\u011bco do sebe a z\u00e1le\u017e\u00ed tedy jen na va\u0161ich pot\u0159eb\u00e1ch a financ\u00edch. Kdy\u017e u\u017e budete \u0159e\u0161it gar\u00e1\u017e, rozhodn\u011b byste ji nem\u011bli nech\u00e1vat otev\u0159enou. Spousta lid\u00ed dokon\u010duje stavbu domu teprve a\u017e po nast\u011bhov\u00e1n\u00ed, a je\u0161t\u011b nemaj\u00ed hotov\u00fd plot. To samoz\u0159ejm\u011b m\u016f\u017ee op\u011bt p\u0159il\u00e1kat zlod\u011bje. Je d\u016fle\u017eit\u00e9 m\u00edt alespo\u0148 gar\u00e1\u017eov\u00e1 vrata. Vrata se vyb\u00edraj\u00ed v\u011bt\u0161inou podle toho, jakou m\u00e1te gar\u00e1\u017e. Pl\u00e1nujete v n\u00ed jen parkovat auto a motorku? Nebo v n\u00ed budete m\u00edt ulo\u017een\u00e9 i v\u011bci jako je t\u0159eba sportovn\u00ed vybaven\u00ed? V t\u011bchto p\u0159\u00edpadech ur\u010dit\u011b myslete na to abyste si vybrali praktick\u00e1 vrata. V\u011bt\u0161ina lid\u00ed si dnes vyb\u00edr\u00e1 sek\u010dn\u00ed gar\u00e1\u017eov\u00e1 vrata na d\u00e1lkov\u00e9 ovl\u00e1d\u00e1n\u00ed, kter\u00e1 se otev\u00edraj\u00ed nahoru nebo do strany. Jsou ale i lid\u00e9, kte\u0159\u00ed maj\u00ed rad\u011bji klasick\u00e1 vrata. M\u016f\u017eete si vybrat i dvouk\u0159\u00eddl\u00e1 gar\u00e1\u017eov\u00e1 vrata Altoma.cz, kter\u00e1 se pou\u017e\u00edvaj\u00ed zejm\u00e9na v r\u016fzn\u00fdch hal\u00e1ch. Pohodln\u011bj\u0161\u00ed jsou zkr\u00e1tka sek\u010dn\u00ed vrata s ovl\u00e1d\u00e1n\u00edm. Gar\u00e1\u017eov\u00e1 vrata mohou m\u00edt opravdu mnoho podob. Jednou z nich jsou i sek\u010dn\u00ed vrata, kter\u00e1 maj\u00ed uvnit\u0159 dve\u0159e. Tuto variantu si vyb\u00edraj\u00ed sp\u00ed\u0161e lid\u00e9, kte\u0159\u00ed si vedle gar\u00e1\u017ee necht\u011bj\u00ed d\u011blat dal\u0161\u00ed vstup do domu.                                                                                                                                                                                                                                                                                                                                                                                          4.5\/5 - (11 votes)        "},{"@context":"https:\/\/schema.org\/","@type":"BreadcrumbList","itemListElement":[{"@type":"ListItem","position":1,"name":"Nezapome\u0148te na gar\u00e1\u017e","item":"https:\/\/www.eseden.cz\/nezapomente-na-garaz\/#breadcrumbitem"}]}]