[{"@context":"https:\/\/schema.org\/","@type":"Article","@id":"https:\/\/www.eseden.cz\/ucetnictvi\/#Article","mainEntityOfPage":"https:\/\/www.eseden.cz\/ucetnictvi\/","headline":"\u00da\u010detnictv\u00ed","name":"\u00da\u010detnictv\u00ed","description":"Chcete si zajistit stabiln\u00ed podnik\u00e1n\u00ed bez probl\u00e9m\u016f, ale chyb\u00ed v\u00e1m k tomu kvalitn\u00ed \u00fa\u010detnictv\u00ed, kter\u00e9 by zajistilo va\u0161e bezpe\u010d\u00ed, a to, abyste mohli d\u011blat sv\u00e9 v\u011bci, a tuhle slo\u017eitou \u010dinnost nechat n\u011bkomu jin\u00e9mu. Vyu\u017eijte tak n\u00e1s, proto\u017ee my jsme na to ti nejlep\u0161\u00ed. Zajist\u00edme v\u00e1m, \u017ee va\u0161e \u00fa\u010detnictv\u00ed bude jen kv\u00e9st, kdy\u017e se o to&#46;&#46;&#46;","datePublished":"2025-03-10","dateModified":"2025-03-10","author":{"@type":"Person","@id":"https:\/\/www.eseden.cz\/author\/#Person","name":"","url":"https:\/\/www.eseden.cz\/author\/","identifier":1,"image":{"@type":"ImageObject","@id":"https:\/\/secure.gravatar.com\/avatar\/8e6cbe5510d042e6a0b15162e198f2fd22eed76a4b5a1734d2174c652daccabc?s=96&d=mm&r=g","url":"https:\/\/secure.gravatar.com\/avatar\/8e6cbe5510d042e6a0b15162e198f2fd22eed76a4b5a1734d2174c652daccabc?s=96&d=mm&r=g","height":96,"width":96}},"publisher":{"@type":"Organization","name":"eseden.cz","logo":{"@type":"ImageObject","@id":"\/logo.png","url":"\/logo.png","width":600,"height":60}},"url":"https:\/\/www.eseden.cz\/ucetnictvi\/","wordCount":179,"articleBody":"Chcete si zajistit stabiln\u00ed podnik\u00e1n\u00ed bez probl\u00e9m\u016f, ale chyb\u00ed v\u00e1m k tomu kvalitn\u00ed \u00fa\u010detnictv\u00ed, kter\u00e9 by zajistilo va\u0161e bezpe\u010d\u00ed, a to, abyste mohli d\u011blat sv\u00e9 v\u011bci, a tuhle slo\u017eitou \u010dinnost nechat n\u011bkomu jin\u00e9mu. Vyu\u017eijte tak n\u00e1s, proto\u017ee my jsme na to ti nejlep\u0161\u00ed.Zajist\u00edme v\u00e1m, \u017ee va\u0161e \u00fa\u010detnictv\u00ed bude jen kv\u00e9st, kdy\u017e se o to budeme moci postarat pr\u00e1v\u011b my. Nab\u00edz\u00edme v\u00e1m toti\u017e skv\u011ble znalosti v oblasti \u00fa\u010detnictv\u00ed, co\u017e se bude ur\u010dit\u011b hodit i na \u0159e\u0161en\u00ed velmi obt\u00ed\u017en\u00fdch situac\u00ed, kter\u00e9 my tak\u00e9 zvl\u00e1dneme.P\u0159\u00edstup, kter\u00fd se cen\u00ed.Abyste mohli b\u00fdt absolutn\u011b v klidu, nemus\u00edte se b\u00e1t, \u017ee bychom se v\u00e1m pln\u011b nev\u011bnovali, a tak mohli dopustit va\u0161e probl\u00e9my. Nab\u00edz\u00edme toti\u017e ka\u017ed\u00e9mu individu\u00e1ln\u00ed p\u0159\u00edstup, co\u017e se odraz\u00ed na na\u0161em vztahu, kter\u00fd mus\u00ed b\u00fdt natolik dobr\u00fd, aby bylo mo\u017en\u00e9 odv\u00e1d\u011bt skv\u011blou pr\u00e1ci.                                                                                                                                                                                                                                                                                                                                                                                        5\/5 - (1 vote)        "},{"@context":"https:\/\/schema.org\/","@type":"BreadcrumbList","itemListElement":[{"@type":"ListItem","position":1,"name":"\u00da\u010detnictv\u00ed","item":"https:\/\/www.eseden.cz\/ucetnictvi\/#breadcrumbitem"}]}]