[{"@context":"https:\/\/schema.org\/","@type":"Article","@id":"https:\/\/www.eseden.cz\/uzijte-si-dovolenou-v-beskydech\/#Article","mainEntityOfPage":"https:\/\/www.eseden.cz\/uzijte-si-dovolenou-v-beskydech\/","headline":"U\u017eijte si dovolenou v Beskydech","name":"U\u017eijte si dovolenou v Beskydech","description":"Moravskoslezsk\u00e9 Beskydy pat\u0159\u00ed mezi poho\u0159\u00ed, kam sm\u011b\u0159uj\u00ed ka\u017ed\u00fd rok tis\u00edce rekreant\u016f z cel\u00e9 republiky. Beskydy proslavil ji\u017e za socialismu film S tebou m\u011b bav\u00ed sv\u011bt, kter\u00fd byl v div\u00e1ck\u00e9 anket\u011b jmenov\u00e1n \u201ekomedi\u00ed stolet\u00ed\u201c, a i kdy\u017e se film nat\u00e1\u010del v Krkono\u0161\u00edch, n\u00e1zev poho\u0159\u00ed YDYKSEB se nesmazateln\u011b vryl do pam\u011bti n\u00e1roda jako BESKYDY. V Beskydech naleznete&#46;&#46;&#46;","datePublished":"2024-11-05","dateModified":"2024-11-05","author":{"@type":"Person","@id":"https:\/\/www.eseden.cz\/author\/#Person","name":"","url":"https:\/\/www.eseden.cz\/author\/","identifier":1,"image":{"@type":"ImageObject","@id":"https:\/\/secure.gravatar.com\/avatar\/8e6cbe5510d042e6a0b15162e198f2fd22eed76a4b5a1734d2174c652daccabc?s=96&d=mm&r=g","url":"https:\/\/secure.gravatar.com\/avatar\/8e6cbe5510d042e6a0b15162e198f2fd22eed76a4b5a1734d2174c652daccabc?s=96&d=mm&r=g","height":96,"width":96}},"publisher":{"@type":"Organization","name":"eseden.cz","logo":{"@type":"ImageObject","@id":"\/logo.png","url":"\/logo.png","width":600,"height":60}},"image":{"@type":"ImageObject","@id":"https:\/\/www.eseden.cz\/wp-content\/uploads\/nature-6621421_640_1.jpg","url":"https:\/\/www.eseden.cz\/wp-content\/uploads\/nature-6621421_640_1.jpg","height":0,"width":0},"url":"https:\/\/www.eseden.cz\/uzijte-si-dovolenou-v-beskydech\/","about":["Firmy"],"wordCount":381,"articleBody":"   Moravskoslezsk\u00e9 Beskydy pat\u0159\u00ed mezi poho\u0159\u00ed, kam sm\u011b\u0159uj\u00ed ka\u017ed\u00fd rok tis\u00edce rekreant\u016f z cel\u00e9 republiky. Beskydy proslavil ji\u017e za socialismu film S tebou m\u011b bav\u00ed sv\u011bt, kter\u00fd byl v div\u00e1ck\u00e9 anket\u011b jmenov\u00e1n \u201ekomedi\u00ed stolet\u00ed\u201c, a i kdy\u017e se film nat\u00e1\u010del v Krkono\u0161\u00edch, n\u00e1zev poho\u0159\u00ed YDYKSEB se nesmazateln\u011b vryl do pam\u011bti n\u00e1roda jako BESKYDY.V Beskydech naleznete podobn\u00e9 klimatick\u00e9 podm\u00ednky jako v Krkono\u0161\u00edch a i kdy\u017e jde o rozd\u00edln\u00e9 \u010dlen\u011bn\u00ed hor v porovn\u00e1n\u00ed s jin\u00fdmi horami v \u010cesk\u00e9 republice, m\u00e1te tu k dispozici tak\u00e9 velice mnoho kr\u00e1sn\u00fdch m\u00edst.Dalek\u00e9 v\u00fdhledy \u2013 Kontakt na ubytov\u00e1n\u00ed Rzehaczek v Beskydech nab\u00edz\u00ed dalek\u00e9 rozhledy do krajiny, vyhl\u00eddek je tu cel\u00e1 \u0159ada, m\u016f\u017eete podnikat h\u0159ebenov\u00e9 t\u00fary a z n\u011bkter\u00fdch pozic dohl\u00e9dnete a\u017e na Slovensko, do Jesen\u00edk\u016f \u010di do vzd\u00e1len\u011bj\u0161\u00edch Krkono\u0161. Dalek\u00e9 v\u00fdhledy dod\u00e1vaj\u00ed lidem sebev\u011bdom\u00ed, p\u016fsob\u00ed l\u00e9\u010debn\u011b na na\u0161i du\u0161i a pr\u00e1v\u011b proto je tak\u00e9 v na\u0161\u00ed zemi postaveno tolik rozhleden \u2013 jsme dokonce rozhlednovou velmoc\u00ed.Horsk\u00e9 Slunce \u2013 na hor\u00e1ch se l\u00e9pe opaluje, vzpome\u0148me kup\u0159\u00edkladu na film And\u011bl na hor\u00e1ch, kde se lid\u00e9 slunili p\u0159ed zotavovnou Morava ve Vysok\u00fdch Tatr\u00e1ch v Tatransk\u00e9 Lomnici, anebo na film Sn\u011b\u017eenky a mach\u0159i, kde bylo slun\u011bn\u00ed sou\u010d\u00e1st\u00ed odpo\u010dinkov\u00e9ho dne, kdy Cabadaj, P\u0159evr\u00e1til a M\u00e1cha dali vyp\u00edt profesoru Kardovi sklenici ml\u00e9ka.\u010cist\u00e9 pov\u011bt\u0159\u00ed \u2013 do Beskyd se jezd\u00ed rekreovat tak\u00e9 lid\u00e9 z Ostravska a T\u0159inecka, kde je velmi \u010dasto vyhl\u00e1\u0161ena smogov\u00e1 situace d\u00edky provozu tamn\u00edch ocel\u00e1ren. V Beskydech se organismus l\u00e9pe regeneruje, zbav\u00edte se tu toxick\u00fdch l\u00e1tek z organismu a na\u010derp\u00e1te dostatek kysl\u00edku, kter\u00fd odstra\u0148uje z t\u011bla po\u0161kozen\u00e9 bu\u0148ky a napom\u00e1h\u00e1 k obnov\u011b nov\u00fdch bun\u011bk dle DNA.Sport \u2013 milovn\u00edci sportu tu mohou provozovat p\u011b\u0161\u00ed turistiku, cykloturistiku a v zimn\u00edch m\u011bs\u00edc\u00edch sjezdov\u00e9 nebo b\u011b\u017eeck\u00e9 ly\u017eov\u00e1n\u00ed. Zahrajete si tu i tenis, volejbal nebo fotbal, p\u0159\u00edpadn\u011b tu lze provozovat r\u016fzn\u00e9 typy wellness slu\u017eeb.                                                                                                                                                                                                                                                                                                                                                                                          5\/5 - (1 vote)        "},{"@context":"https:\/\/schema.org\/","@type":"BreadcrumbList","itemListElement":[{"@type":"ListItem","position":1,"name":"U\u017eijte si dovolenou v Beskydech","item":"https:\/\/www.eseden.cz\/uzijte-si-dovolenou-v-beskydech\/#breadcrumbitem"}]}]