[{"@context":"https:\/\/schema.org\/","@type":"Article","@id":"https:\/\/www.eseden.cz\/vezmete-deti-a-jedte-na-vylet\/#Article","mainEntityOfPage":"https:\/\/www.eseden.cz\/vezmete-deti-a-jedte-na-vylet\/","headline":"Vezm\u011bte d\u011bti a je\u010fte na v\u00fdlet","name":"Vezm\u011bte d\u011bti a je\u010fte na v\u00fdlet","description":"Je\u0161t\u011b jste letos nem\u011bli dovolenou? Byli jste tak nepostradateln\u00ed, \u017ee v\u00e1s nemohli uvolnit? C\u00edt\u00edte, \u017ee pokud si neodpo\u010dinete alespo\u0148 nyn\u00ed, na sklonku l\u00e9ta, \u010di za\u010d\u00e1tku kr\u00e1sn\u00e9ho podzimu, pomalu se z toho zbl\u00e1zn\u00edte? \u0158\u00edk\u00e1te si, kam ale nyn\u00ed vyrazit? V Chorvatsku ji\u017e bude pomalu chladno, teplota vody nebude odpov\u00eddat va\u0161im p\u0159edstav\u00e1m a na pobyt v n\u011bkter\u00fdch&#46;&#46;&#46;","datePublished":"2025-04-27","dateModified":"2025-04-27","author":{"@type":"Person","@id":"https:\/\/www.eseden.cz\/author\/#Person","name":"","url":"https:\/\/www.eseden.cz\/author\/","identifier":1,"image":{"@type":"ImageObject","@id":"https:\/\/secure.gravatar.com\/avatar\/8e6cbe5510d042e6a0b15162e198f2fd22eed76a4b5a1734d2174c652daccabc?s=96&d=mm&r=g","url":"https:\/\/secure.gravatar.com\/avatar\/8e6cbe5510d042e6a0b15162e198f2fd22eed76a4b5a1734d2174c652daccabc?s=96&d=mm&r=g","height":96,"width":96}},"publisher":{"@type":"Organization","name":"eseden.cz","logo":{"@type":"ImageObject","@id":"\/logo.png","url":"\/logo.png","width":600,"height":60}},"url":"https:\/\/www.eseden.cz\/vezmete-deti-a-jedte-na-vylet\/","wordCount":180,"articleBody":" Je\u0161t\u011b jste letos nem\u011bli dovolenou? Byli jste tak nepostradateln\u00ed, \u017ee v\u00e1s nemohli uvolnit? C\u00edt\u00edte, \u017ee pokud si neodpo\u010dinete alespo\u0148 nyn\u00ed, na sklonku l\u00e9ta, \u010di za\u010d\u00e1tku kr\u00e1sn\u00e9ho podzimu, pomalu se z toho zbl\u00e1zn\u00edte? \u0158\u00edk\u00e1te si, kam ale nyn\u00ed vyrazit? V Chorvatsku ji\u017e bude pomalu chladno, teplota vody nebude odpov\u00eddat va\u0161im p\u0159edstav\u00e1m a na pobyt v n\u011bkter\u00fdch vzd\u00e1len\u00fdch exotick\u00fdch lokalit\u00e1ch nem\u00e1te finance? Odlo\u017ete mo\u0159e na p\u0159\u00ed\u0161t\u00ed rok a poje\u010fte na na\u0161e chaty a chalupy! U\u017eijte si neopakovatelnou atmosf\u00e9ru bab\u00edho l\u00e9ta v prost\u0159ed\u00ed, kter\u00e9 jste mo\u017en\u00e1 doposud nepoznali. Chaty a chalupy na vyso\u010din\u011b nebo na hor\u00e1ch jsou v tomto ro\u010dn\u00edm obdob\u00ed t\u00edm nejkr\u00e1sn\u011bj\u0161\u00edm, co v\u00e1s m\u016f\u017ee ve va\u0161em volnu potkat. Pozdn\u00ed dovolen\u00e1 Vyra\u017ete na svou pozdn\u00ed dovolenou na na\u0161e chaty a chalupy a v\u011b\u0159te, \u017ee p\u0159\u00ed\u0161t\u00ed rok neodol\u00e1te a vyraz\u00edte znovu.                                                                                                                                                                                                                                                                                                                                                                                                "},{"@context":"https:\/\/schema.org\/","@type":"BreadcrumbList","itemListElement":[{"@type":"ListItem","position":1,"name":"Vezm\u011bte d\u011bti a je\u010fte na v\u00fdlet","item":"https:\/\/www.eseden.cz\/vezmete-deti-a-jedte-na-vylet\/#breadcrumbitem"}]}]